{"id":668,"date":"2019-03-25T18:51:06","date_gmt":"2019-03-25T17:51:06","guid":{"rendered":"http:\/\/elefantebiancoonlus.it\/?p=668"},"modified":"2019-12-01T18:52:39","modified_gmt":"2019-12-01T17:52:39","slug":"inaugurazione-pozzo-fonte-viva-a-boukoumbe-in-benin","status":"publish","type":"post","link":"https:\/\/elefantebiancoonlus.it\/?p=668","title":{"rendered":"Inaugurazione pozzo &#8220;Fonte Viva&#8221; a Boukoumb\u00e9 in Benin"},"content":{"rendered":"<p>Il 19\/03\/2019 \u00e8 stato inaugurato il nuovo pozzo di acqua potabile a Boukoumb\u00e9 in Benin.<\/p>\n<p>Il nostro referente don Servais, che ha seguito personalmente la progettazione e realizzazione del pozzo, ci ha comunicato la grande gioia di tutta la popolazione e ha detto che &#8220;per molti di loro era la prima volta che vedevano l&#8217;acqua cos\u00ec bella, cos\u00ec pura e cos\u00ec buona. Per il paese \u00e8 stata una bellissima festa. La nostra &#8220;Fonte Viva&#8221; \u00e8 grande segno di speranza!&#8221;.<\/p>\n<div id='gallery-1' class='gallery galleryid-668 gallery-columns-3 gallery-size-thumbnail'><figure class='gallery-item'>\n\t\t\t<div class='gallery-icon landscape'>\n\t\t\t\t<a href='https:\/\/elefantebiancoonlus.it\/?attachment_id=670'><img loading=\"lazy\" decoding=\"async\" width=\"150\" height=\"150\" src=\"https:\/\/elefantebiancoonlus.it\/wp-content\/uploads\/2019\/12\/fontana_bambini-150x150.jpg\" class=\"attachment-thumbnail size-thumbnail\" alt=\"\" srcset=\"https:\/\/elefantebiancoonlus.it\/wp-content\/uploads\/2019\/12\/fontana_bambini-150x150.jpg 150w, https:\/\/elefantebiancoonlus.it\/wp-content\/uploads\/2019\/12\/fontana_bambini-350x350.jpg 350w\" sizes=\"auto, (max-width: 150px) 100vw, 150px\" \/><\/a>\n\t\t\t<\/div><\/figure><figure class='gallery-item'>\n\t\t\t<div class='gallery-icon landscape'>\n\t\t\t\t<a href='https:\/\/elefantebiancoonlus.it\/?attachment_id=671'><img loading=\"lazy\" decoding=\"async\" width=\"150\" height=\"150\" src=\"https:\/\/elefantebiancoonlus.it\/wp-content\/uploads\/2019\/12\/fontana_cartello-150x150.jpg\" class=\"attachment-thumbnail size-thumbnail\" alt=\"\" srcset=\"https:\/\/elefantebiancoonlus.it\/wp-content\/uploads\/2019\/12\/fontana_cartello-150x150.jpg 150w, https:\/\/elefantebiancoonlus.it\/wp-content\/uploads\/2019\/12\/fontana_cartello-350x350.jpg 350w\" sizes=\"auto, (max-width: 150px) 100vw, 150px\" \/><\/a>\n\t\t\t<\/div><\/figure><figure class='gallery-item'>\n\t\t\t<div class='gallery-icon landscape'>\n\t\t\t\t<a href='https:\/\/elefantebiancoonlus.it\/?attachment_id=672'><img loading=\"lazy\" decoding=\"async\" width=\"150\" height=\"150\" src=\"https:\/\/elefantebiancoonlus.it\/wp-content\/uploads\/2019\/12\/fontana_donne-150x150.jpg\" class=\"attachment-thumbnail size-thumbnail\" alt=\"\" srcset=\"https:\/\/elefantebiancoonlus.it\/wp-content\/uploads\/2019\/12\/fontana_donne-150x150.jpg 150w, https:\/\/elefantebiancoonlus.it\/wp-content\/uploads\/2019\/12\/fontana_donne-350x350.jpg 350w\" sizes=\"auto, (max-width: 150px) 100vw, 150px\" \/><\/a>\n\t\t\t<\/div><\/figure><figure class='gallery-item'>\n\t\t\t<div class='gallery-icon landscape'>\n\t\t\t\t<a href='https:\/\/elefantebiancoonlus.it\/?attachment_id=673'><img loading=\"lazy\" decoding=\"async\" width=\"150\" height=\"150\" src=\"https:\/\/elefantebiancoonlus.it\/wp-content\/uploads\/2019\/12\/fontana_mamma-150x150.jpg\" class=\"attachment-thumbnail size-thumbnail\" alt=\"\" srcset=\"https:\/\/elefantebiancoonlus.it\/wp-content\/uploads\/2019\/12\/fontana_mamma-150x150.jpg 150w, https:\/\/elefantebiancoonlus.it\/wp-content\/uploads\/2019\/12\/fontana_mamma-350x350.jpg 350w\" sizes=\"auto, (max-width: 150px) 100vw, 150px\" \/><\/a>\n\t\t\t<\/div><\/figure>\n\t\t<\/div>\n\n<p>&nbsp;<\/p>\n<p>&nbsp;<\/p>\n","protected":false},"excerpt":{"rendered":"<p>Il 19\/03\/2019 \u00e8 stato inaugurato il nuovo pozzo di acqua potabile a Boukoumb\u00e9 in Benin. Il nostro referente don Servais, che ha seguito personalmente la progettazione e realizzazione del pozzo, ci ha comunicato la grande gioia di tutta la popolazione e ha detto che &#8220;per molti di loro era la prima volta che vedevano l&#8217;acqua [&hellip;]<\/p>\n","protected":false},"author":1,"featured_media":670,"comment_status":"closed","ping_status":"closed","sticky":false,"template":"","format":"standard","meta":{"site-sidebar-layout":"default","site-content-layout":"","ast-site-content-layout":"","site-content-style":"default","site-sidebar-style":"default","ast-global-header-display":"","ast-banner-title-visibility":"","ast-main-header-display":"","ast-hfb-above-header-display":"","ast-hfb-below-header-display":"","ast-hfb-mobile-header-display":"","site-post-title":"","ast-breadcrumbs-content":"","ast-featured-img":"","footer-sml-layout":"","theme-transparent-header-meta":"","adv-header-id-meta":"","stick-header-meta":"","header-above-stick-meta":"","header-main-stick-meta":"","header-below-stick-meta":"","astra-migrate-meta-layouts":"default","ast-page-background-enabled":"default","ast-page-background-meta":{"desktop":{"background-color":"var(--ast-global-color-4)","background-image":"","background-repeat":"repeat","background-position":"center center","background-size":"auto","background-attachment":"scroll","background-type":"","background-media":"","overlay-type":"","overlay-color":"","overlay-opacity":"","overlay-gradient":""},"tablet":{"background-color":"","background-image":"","background-repeat":"repeat","background-position":"center center","background-size":"auto","background-attachment":"scroll","background-type":"","background-media":"","overlay-type":"","overlay-color":"","overlay-opacity":"","overlay-gradient":""},"mobile":{"background-color":"","background-image":"","background-repeat":"repeat","background-position":"center center","background-size":"auto","background-attachment":"scroll","background-type":"","background-media":"","overlay-type":"","overlay-color":"","overlay-opacity":"","overlay-gradient":""}},"ast-content-background-meta":{"desktop":{"background-color":"var(--ast-global-color-5)","background-image":"","background-repeat":"repeat","background-position":"center center","background-size":"auto","background-attachment":"scroll","background-type":"","background-media":"","overlay-type":"","overlay-color":"","overlay-opacity":"","overlay-gradient":""},"tablet":{"background-color":"var(--ast-global-color-5)","background-image":"","background-repeat":"repeat","background-position":"center center","background-size":"auto","background-attachment":"scroll","background-type":"","background-media":"","overlay-type":"","overlay-color":"","overlay-opacity":"","overlay-gradient":""},"mobile":{"background-color":"var(--ast-global-color-5)","background-image":"","background-repeat":"repeat","background-position":"center center","background-size":"auto","background-attachment":"scroll","background-type":"","background-media":"","overlay-type":"","overlay-color":"","overlay-opacity":"","overlay-gradient":""}},"footnotes":""},"categories":[19],"tags":[],"class_list":["post-668","post","type-post","status-publish","format-standard","has-post-thumbnail","hentry","category-progetti-realizzati"],"_links":{"self":[{"href":"https:\/\/elefantebiancoonlus.it\/index.php?rest_route=\/wp\/v2\/posts\/668","targetHints":{"allow":["GET"]}}],"collection":[{"href":"https:\/\/elefantebiancoonlus.it\/index.php?rest_route=\/wp\/v2\/posts"}],"about":[{"href":"https:\/\/elefantebiancoonlus.it\/index.php?rest_route=\/wp\/v2\/types\/post"}],"author":[{"embeddable":true,"href":"https:\/\/elefantebiancoonlus.it\/index.php?rest_route=\/wp\/v2\/users\/1"}],"replies":[{"embeddable":true,"href":"https:\/\/elefantebiancoonlus.it\/index.php?rest_route=%2Fwp%2Fv2%2Fcomments&post=668"}],"version-history":[{"count":3,"href":"https:\/\/elefantebiancoonlus.it\/index.php?rest_route=\/wp\/v2\/posts\/668\/revisions"}],"predecessor-version":[{"id":675,"href":"https:\/\/elefantebiancoonlus.it\/index.php?rest_route=\/wp\/v2\/posts\/668\/revisions\/675"}],"wp:featuredmedia":[{"embeddable":true,"href":"https:\/\/elefantebiancoonlus.it\/index.php?rest_route=\/wp\/v2\/media\/670"}],"wp:attachment":[{"href":"https:\/\/elefantebiancoonlus.it\/index.php?rest_route=%2Fwp%2Fv2%2Fmedia&parent=668"}],"wp:term":[{"taxonomy":"category","embeddable":true,"href":"https:\/\/elefantebiancoonlus.it\/index.php?rest_route=%2Fwp%2Fv2%2Fcategories&post=668"},{"taxonomy":"post_tag","embeddable":true,"href":"https:\/\/elefantebiancoonlus.it\/index.php?rest_route=%2Fwp%2Fv2%2Ftags&post=668"}],"curies":[{"name":"wp","href":"https:\/\/api.w.org\/{rel}","templated":true}]}}